{"@context":"https:\/\/schema.org\/","@type":"CollectionPage","@id":"https:\/\/www.foreverart.at\/kinder\/#CollectionPage","headline":"Kinder Category","description":"","url":"https:\/\/www.foreverart.at\/kinder\/","hasPart":[{"@type":"Article","@id":"https:\/\/www.foreverart.at\/vymodlene-dita\/","headline":"Vymodlen\u00e9 d\u00edt\u00e1","url":"https:\/\/www.foreverart.at\/vymodlene-dita\/","datePublished":"2024-01-18","dateModified":"2024-01-18","mainEntityOfPage":"https:\/\/www.foreverart.at\/vymodlene-dita\/","author":{"@type":"Person","@id":"https:\/\/www.foreverart.at\/author\/#Person","name":"","url":"https:\/\/www.foreverart.at\/author\/","identifier":1,"image":{"@type":"ImageObject","@id":"https:\/\/secure.gravatar.com\/avatar\/1ea551d08e5aaea35ec0edab8371d7eaf798177f38aa8a77e65ff33bf2d8edc8?s=96&d=mm&r=g","url":"https:\/\/secure.gravatar.com\/avatar\/1ea551d08e5aaea35ec0edab8371d7eaf798177f38aa8a77e65ff33bf2d8edc8?s=96&d=mm&r=g","height":96,"width":96}},"publisher":{"@type":"Organization","name":"foreverart.at","logo":{"@type":"ImageObject","@id":"\/logo.png","url":"\/logo.png","width":600,"height":60}},"image":{"@type":"ImageObject","@id":"https:\/\/www.foreverart.at\/wp-content\/uploads\/pregnant-775036_960_720_2.jpg","url":"https:\/\/www.foreverart.at\/wp-content\/uploads\/pregnant-775036_960_720_2.jpg","height":0,"width":0},"keywords":null},{"@type":"Article","@id":"https:\/\/www.foreverart.at\/stillen-ein-neues-phaenomen\/","headline":"Stillen &#8211; ein neues Ph\u00e4nomen","url":"https:\/\/www.foreverart.at\/stillen-ein-neues-phaenomen\/","datePublished":"2023-12-22","dateModified":"2024-04-01","mainEntityOfPage":"https:\/\/www.foreverart.at\/stillen-ein-neues-phaenomen\/","author":{"@type":"Person","@id":"https:\/\/www.foreverart.at\/author\/#Person","name":"","url":"https:\/\/www.foreverart.at\/author\/","identifier":1,"image":{"@type":"ImageObject","@id":"https:\/\/secure.gravatar.com\/avatar\/1ea551d08e5aaea35ec0edab8371d7eaf798177f38aa8a77e65ff33bf2d8edc8?s=96&d=mm&r=g","url":"https:\/\/secure.gravatar.com\/avatar\/1ea551d08e5aaea35ec0edab8371d7eaf798177f38aa8a77e65ff33bf2d8edc8?s=96&d=mm&r=g","height":96,"width":96}},"publisher":{"@type":"Organization","name":"foreverart.at","logo":{"@type":"ImageObject","@id":"\/logo.png","url":"\/logo.png","width":600,"height":60}},"image":null,"keywords":null},{"@type":"Article","@id":"https:\/\/www.foreverart.at\/ob-geimpft-werden-soll-oder-nicht-das-ist-alles\/","headline":"Ob geimpft werden soll oder nicht, das ist alles!","url":"https:\/\/www.foreverart.at\/ob-geimpft-werden-soll-oder-nicht-das-ist-alles\/","datePublished":"2023-11-20","dateModified":"2023-11-20","mainEntityOfPage":"https:\/\/www.foreverart.at\/ob-geimpft-werden-soll-oder-nicht-das-ist-alles\/","author":{"@type":"Person","@id":"https:\/\/www.foreverart.at\/author\/#Person","name":"","url":"https:\/\/www.foreverart.at\/author\/","identifier":1,"image":{"@type":"ImageObject","@id":"https:\/\/secure.gravatar.com\/avatar\/1ea551d08e5aaea35ec0edab8371d7eaf798177f38aa8a77e65ff33bf2d8edc8?s=96&d=mm&r=g","url":"https:\/\/secure.gravatar.com\/avatar\/1ea551d08e5aaea35ec0edab8371d7eaf798177f38aa8a77e65ff33bf2d8edc8?s=96&d=mm&r=g","height":96,"width":96}},"publisher":{"@type":"Organization","name":"foreverart.at","logo":{"@type":"ImageObject","@id":"\/logo.png","url":"\/logo.png","width":600,"height":60}},"image":{"@type":"ImageObject","@id":"https:\/\/www.foreverart.at\/wp-content\/uploads\/img_a356175_w3392_t1570893722.jpg","url":"https:\/\/www.foreverart.at\/wp-content\/uploads\/img_a356175_w3392_t1570893722.jpg","height":0,"width":0},"keywords":null},{"@type":"Article","@id":"https:\/\/www.foreverart.at\/ueberraschung-zum-kindertag\/","headline":"\u00dcberraschung zum Kindertag","url":"https:\/\/www.foreverart.at\/ueberraschung-zum-kindertag\/","datePublished":"2023-08-01","dateModified":"2024-05-01","mainEntityOfPage":"https:\/\/www.foreverart.at\/ueberraschung-zum-kindertag\/","author":{"@type":"Person","@id":"https:\/\/www.foreverart.at\/author\/#Person","name":"","url":"https:\/\/www.foreverart.at\/author\/","identifier":1,"image":{"@type":"ImageObject","@id":"https:\/\/secure.gravatar.com\/avatar\/1ea551d08e5aaea35ec0edab8371d7eaf798177f38aa8a77e65ff33bf2d8edc8?s=96&d=mm&r=g","url":"https:\/\/secure.gravatar.com\/avatar\/1ea551d08e5aaea35ec0edab8371d7eaf798177f38aa8a77e65ff33bf2d8edc8?s=96&d=mm&r=g","height":96,"width":96}},"publisher":{"@type":"Organization","name":"foreverart.at","logo":{"@type":"ImageObject","@id":"\/logo.png","url":"\/logo.png","width":600,"height":60}},"image":{"@type":"ImageObject","@id":"https:\/\/www.foreverart.at\/wp-content\/uploads\/nakrajene_nudle.jpg","url":"https:\/\/www.foreverart.at\/wp-content\/uploads\/nakrajene_nudle.jpg","height":0,"width":0},"keywords":null},{"@type":"Article","@id":"https:\/\/www.foreverart.at\/wie-feiert-man-die-geburt-eines-kindes\/","headline":"Wie feiert man die Geburt eines Kindes?","url":"https:\/\/www.foreverart.at\/wie-feiert-man-die-geburt-eines-kindes\/","datePublished":"2023-07-02","dateModified":"2023-07-02","mainEntityOfPage":"https:\/\/www.foreverart.at\/wie-feiert-man-die-geburt-eines-kindes\/","author":{"@type":"Person","@id":"https:\/\/www.foreverart.at\/author\/#Person","name":"","url":"https:\/\/www.foreverart.at\/author\/","identifier":1,"image":{"@type":"ImageObject","@id":"https:\/\/secure.gravatar.com\/avatar\/1ea551d08e5aaea35ec0edab8371d7eaf798177f38aa8a77e65ff33bf2d8edc8?s=96&d=mm&r=g","url":"https:\/\/secure.gravatar.com\/avatar\/1ea551d08e5aaea35ec0edab8371d7eaf798177f38aa8a77e65ff33bf2d8edc8?s=96&d=mm&r=g","height":96,"width":96}},"publisher":{"@type":"Organization","name":"foreverart.at","logo":{"@type":"ImageObject","@id":"\/logo.png","url":"\/logo.png","width":600,"height":60}},"image":{"@type":"ImageObject","@id":"https:\/\/www.foreverart.at\/wp-content\/uploads\/pexels-vidal-balielo-jr-2337823_1.jpg","url":"https:\/\/www.foreverart.at\/wp-content\/uploads\/pexels-vidal-balielo-jr-2337823_1.jpg","height":0,"width":0},"keywords":null},{"@type":"Article","@id":"https:\/\/www.foreverart.at\/weihnachten-ist-fuer-kinder\/","headline":"Weihnachten ist f\u00fcr Kinder","url":"https:\/\/www.foreverart.at\/weihnachten-ist-fuer-kinder\/","datePublished":"2023-04-13","dateModified":"2024-03-02","mainEntityOfPage":"https:\/\/www.foreverart.at\/weihnachten-ist-fuer-kinder\/","author":{"@type":"Person","@id":"https:\/\/www.foreverart.at\/author\/#Person","name":"","url":"https:\/\/www.foreverart.at\/author\/","identifier":1,"image":{"@type":"ImageObject","@id":"https:\/\/secure.gravatar.com\/avatar\/1ea551d08e5aaea35ec0edab8371d7eaf798177f38aa8a77e65ff33bf2d8edc8?s=96&d=mm&r=g","url":"https:\/\/secure.gravatar.com\/avatar\/1ea551d08e5aaea35ec0edab8371d7eaf798177f38aa8a77e65ff33bf2d8edc8?s=96&d=mm&r=g","height":96,"width":96}},"publisher":{"@type":"Organization","name":"foreverart.at","logo":{"@type":"ImageObject","@id":"\/logo.png","url":"\/logo.png","width":600,"height":60}},"image":{"@type":"ImageObject","@id":"https:\/\/www.foreverart.at\/wp-content\/uploads\/winter-wonderland-g53ce74efd_1280.jpg","url":"https:\/\/www.foreverart.at\/wp-content\/uploads\/winter-wonderland-g53ce74efd_1280.jpg","height":0,"width":0},"keywords":null},{"@type":"Article","@id":"https:\/\/www.foreverart.at\/der-einfluss-von-musik-auf-die-entwicklung-des-kindes\/","headline":"Der Einfluss von Musik auf die Entwicklung des Kindes","url":"https:\/\/www.foreverart.at\/der-einfluss-von-musik-auf-die-entwicklung-des-kindes\/","datePublished":"2023-03-04","dateModified":"2024-03-17","mainEntityOfPage":"https:\/\/www.foreverart.at\/der-einfluss-von-musik-auf-die-entwicklung-des-kindes\/","author":{"@type":"Person","@id":"https:\/\/www.foreverart.at\/author\/#Person","name":"","url":"https:\/\/www.foreverart.at\/author\/","identifier":1,"image":{"@type":"ImageObject","@id":"https:\/\/secure.gravatar.com\/avatar\/1ea551d08e5aaea35ec0edab8371d7eaf798177f38aa8a77e65ff33bf2d8edc8?s=96&d=mm&r=g","url":"https:\/\/secure.gravatar.com\/avatar\/1ea551d08e5aaea35ec0edab8371d7eaf798177f38aa8a77e65ff33bf2d8edc8?s=96&d=mm&r=g","height":96,"width":96}},"publisher":{"@type":"Organization","name":"foreverart.at","logo":{"@type":"ImageObject","@id":"\/logo.png","url":"\/logo.png","width":600,"height":60}},"image":{"@type":"ImageObject","@id":"https:\/\/www.foreverart.at\/wp-content\/uploads\/img_a354895_w3146_t1569344079.jpg","url":"https:\/\/www.foreverart.at\/wp-content\/uploads\/img_a354895_w3146_t1569344079.jpg","height":0,"width":0},"keywords":null},{"@type":"Article","@id":"https:\/\/www.foreverart.at\/gibt-es-fallstricke-beim-einkaufen-im-internet\/","headline":"Gibt es Fallstricke beim Einkaufen im Internet?","url":"https:\/\/www.foreverart.at\/gibt-es-fallstricke-beim-einkaufen-im-internet\/","datePublished":"2023-03-03","dateModified":"2024-02-23","mainEntityOfPage":"https:\/\/www.foreverart.at\/gibt-es-fallstricke-beim-einkaufen-im-internet\/","author":{"@type":"Person","@id":"https:\/\/www.foreverart.at\/author\/#Person","name":"","url":"https:\/\/www.foreverart.at\/author\/","identifier":1,"image":{"@type":"ImageObject","@id":"https:\/\/secure.gravatar.com\/avatar\/1ea551d08e5aaea35ec0edab8371d7eaf798177f38aa8a77e65ff33bf2d8edc8?s=96&d=mm&r=g","url":"https:\/\/secure.gravatar.com\/avatar\/1ea551d08e5aaea35ec0edab8371d7eaf798177f38aa8a77e65ff33bf2d8edc8?s=96&d=mm&r=g","height":96,"width":96}},"publisher":{"@type":"Organization","name":"foreverart.at","logo":{"@type":"ImageObject","@id":"\/logo.png","url":"\/logo.png","width":600,"height":60}},"image":{"@type":"ImageObject","@id":"https:\/\/www.foreverart.at\/wp-content\/uploads\/img_a321577_w2437_t1532848995.jpg","url":"https:\/\/www.foreverart.at\/wp-content\/uploads\/img_a321577_w2437_t1532848995.jpg","height":0,"width":0},"keywords":null},{"@type":"Article","@id":"https:\/\/www.foreverart.at\/wie-sie-erfolgreich-mit-dem-stillen-beginnen\/","headline":"Wie Sie erfolgreich mit dem Stillen beginnen","url":"https:\/\/www.foreverart.at\/wie-sie-erfolgreich-mit-dem-stillen-beginnen\/","datePublished":"2023-02-16","dateModified":"2024-01-03","mainEntityOfPage":"https:\/\/www.foreverart.at\/wie-sie-erfolgreich-mit-dem-stillen-beginnen\/","author":{"@type":"Person","@id":"https:\/\/www.foreverart.at\/author\/#Person","name":"","url":"https:\/\/www.foreverart.at\/author\/","identifier":1,"image":{"@type":"ImageObject","@id":"https:\/\/secure.gravatar.com\/avatar\/1ea551d08e5aaea35ec0edab8371d7eaf798177f38aa8a77e65ff33bf2d8edc8?s=96&d=mm&r=g","url":"https:\/\/secure.gravatar.com\/avatar\/1ea551d08e5aaea35ec0edab8371d7eaf798177f38aa8a77e65ff33bf2d8edc8?s=96&d=mm&r=g","height":96,"width":96}},"publisher":{"@type":"Organization","name":"foreverart.at","logo":{"@type":"ImageObject","@id":"\/logo.png","url":"\/logo.png","width":600,"height":60}},"image":{"@type":"ImageObject","@id":"https:\/\/www.foreverart.at\/wp-content\/uploads\/img_a337023_w2590_t1550324004.jpg","url":"https:\/\/www.foreverart.at\/wp-content\/uploads\/img_a337023_w2590_t1550324004.jpg","height":0,"width":0},"keywords":null},{"@type":"Article","@id":"https:\/\/www.foreverart.at\/babys-und-der-zweite-lebensmonat\/","headline":"Babys und der zweite Lebensmonat","url":"https:\/\/www.foreverart.at\/babys-und-der-zweite-lebensmonat\/","datePublished":"2022-11-11","dateModified":"2022-11-11","mainEntityOfPage":"https:\/\/www.foreverart.at\/babys-und-der-zweite-lebensmonat\/","author":{"@type":"Person","@id":"https:\/\/www.foreverart.at\/author\/#Person","name":"","url":"https:\/\/www.foreverart.at\/author\/","identifier":1,"image":{"@type":"ImageObject","@id":"https:\/\/secure.gravatar.com\/avatar\/1ea551d08e5aaea35ec0edab8371d7eaf798177f38aa8a77e65ff33bf2d8edc8?s=96&d=mm&r=g","url":"https:\/\/secure.gravatar.com\/avatar\/1ea551d08e5aaea35ec0edab8371d7eaf798177f38aa8a77e65ff33bf2d8edc8?s=96&d=mm&r=g","height":96,"width":96}},"publisher":{"@type":"Organization","name":"foreverart.at","logo":{"@type":"ImageObject","@id":"\/logo.png","url":"\/logo.png","width":600,"height":60}},"image":{"@type":"ImageObject","@id":"https:\/\/www.foreverart.at\/wp-content\/uploads\/sta%C5%BEen%C3%BD%20soubor%20(1)_6.jpg","url":"https:\/\/www.foreverart.at\/wp-content\/uploads\/sta%C5%BEen%C3%BD%20soubor%20(1)_6.jpg","height":0,"width":0},"keywords":null}]}